{"id":17,"date":"2016-06-29T20:40:29","date_gmt":"2016-06-29T20:40:29","guid":{"rendered":"http:\/\/die-erle-europa.de\/?p=17"},"modified":"2016-06-29T21:03:37","modified_gmt":"2016-06-29T21:03:37","slug":"staedtefreundschaften-sollen-durch-brexit-nicht-betroffen-sein","status":"publish","type":"post","link":"http:\/\/die-erle-europa.de\/?p=17","title":{"rendered":"St\u00e4dtefreundschaften sollen durch Brexit nicht betroffen sein"},"content":{"rendered":"<p>Es d\u00fcrfte schwieriger werden, visafrei k\u00f6nnte der Vergangenheit angeh\u00f6ren und europ\u00e4ische Zusch\u00fcsse f\u00fcr den Jugendaustausch k\u00f6nnten auch wegfallen. Die Idee in einem gemeinsamen Haus zu leben k\u00f6nnte Erinnerung werden. Auch f\u00fcr Kommunen, die bereits \u00fcber viele Jahrzehnte mit englischen Kommunen freundschaftlich verbunden sind. Dazu soll es aber nach dem Willen der Oberb\u00fcrgermeister von Essen und Gelsenkirchen nicht kommen. Man will sich weiter um N\u00e4he bem\u00fchen. Essens OB Thomas Kufen und mit Essen Partner von Sunderland:<\/p>\n<p><img loading=\"lazy\" class=\"alignnone size-medium wp-image-21\" src=\"http:\/\/die-erle-europa.de\/wp-content\/uploads\/2016\/06\/kufenb-260x300.jpg\" alt=\"kufenb\" width=\"260\" height=\"300\" srcset=\"http:\/\/die-erle-europa.de\/wp-content\/uploads\/2016\/06\/kufenb-260x300.jpg 260w, http:\/\/die-erle-europa.de\/wp-content\/uploads\/2016\/06\/kufenb-768x888.jpg 768w, http:\/\/die-erle-europa.de\/wp-content\/uploads\/2016\/06\/kufenb-886x1024.jpg 886w, http:\/\/die-erle-europa.de\/wp-content\/uploads\/2016\/06\/kufenb-1200x1387.jpg 1200w, http:\/\/die-erle-europa.de\/wp-content\/uploads\/2016\/06\/kufenb.jpg 2002w\" sizes=\"(max-width: 260px) 100vw, 260px\" \/><\/p>\n<!--[if lt IE 9]><script>document.createElement('audio');<\/script><![endif]-->\n<audio class=\"wp-audio-shortcode\" id=\"audio-17-1\" preload=\"none\" style=\"width: 100%;\" controls=\"controls\"><source type=\"audio\/mpeg\" src=\"http:\/\/die-erle-europa.de\/wp-content\/uploads\/2016\/06\/A_160624_KufenzuSunderlandb.mp3?_=1\" \/><a href=\"http:\/\/die-erle-europa.de\/wp-content\/uploads\/2016\/06\/A_160624_KufenzuSunderlandb.mp3\">http:\/\/die-erle-europa.de\/wp-content\/uploads\/2016\/06\/A_160624_KufenzuSunderlandb.mp3<\/a><\/audio>\n<p>Sein Gelsenkirchener Nachbar, OB Frank Baranowski bekr\u00e4ftigt die St\u00e4dtepartnerschaft in einem Schreiben an den B\u00fcrgermeister von Newcastle upon Tyne, Hazel Stephenson, und an den Vorsitzenden des Newcastle City Council, Nick Forbes, hat Oberb\u00fcrgermeister Frank Baranowski die Partnerschaft zwischen Gelsenkirchen und Newcastle ausdr\u00fccklich bekr\u00e4ftigt. Der Oberb\u00fcrgermeister reagiert damit auf den Ausgang des Referendums \u00fcber die Mitgliedschaft von Gro\u00dfbritannien in der Europ\u00e4ischen Union und der damit verbundenen Entscheidung einer knappen Mehrheit der Bev\u00f6lkerung, die EU zu verlassen.<\/p>\n<p>&#8212;&#8212;&#8212;&#8212;&#8212;&#8212;&#8212;&#8212;&#8212;Anzeige&#8212;&#8212;&#8212;&#8212;&#8212;-<\/p>\n<p><em><strong><span style=\"color: #0000ff;\">Tadelloses Aussehen ist machbar. Lassen Sie sich beraten.<\/span><\/strong><\/em><br \/>\n<span style=\"color: #0000ff;\"> Info \u00fcber: <a style=\"color: #0000ff;\" href=\"http:\/\/naturundschoenheit.de\/?page_id=102\">Naturheilpraxis bietet Alternativen (anklicken!)<\/a><\/span><br \/>\n<span style=\"color: #0000ff;\"> Naturheilpraxis in Essen-R\u00fcttenscheid, Telefon: 0178-8390214<\/span><\/p>\n<p>&#8212;&#8212;&#8212;&#8212;&#8212;&#8212;&#8212;&#8212;&#8212;&#8212;&#8212;&#8212;&#8212;&#8212;&#8212;&#8212;<br \/>\n\u201eLassen Sie uns unsere Partnerschaft weiter entwickeln\u201c, so Frank Baranowski, der dabei auch an den erfolgreichen kulturellen Austausch w\u00e4hrend des Kulturhauptstadtjahres erinnert. \u201eDer Brexit sollte nicht dazu f\u00fchren, dass unsere St\u00e4dtepartnerschaft einfriert, sondern wir sollten unsere Anstrengungen verst\u00e4rken, Menschen aus Gro\u00dfbritannien und Deutschland zueinander zu bringen.\u201c<\/p>\n<p>Oberb\u00fcrgermeister Frank Baranowski bedauert ausdr\u00fccklich die Austrittsentscheidung Gro\u00dfbritanniens, sieht darin aber keinen Anlass, die gemeinsame Partnerschaft der Kommunen in Frage zu stellen: \u201eF\u00fcr unsere St\u00e4dtepartnerschaft ist es nicht wichtig, wie Regierungen miteinander umgehen, sondern wie Menschen, die sich schon viele Jahre kennen aufeinander zugehen, sich f\u00fcr die jeweilige Partnerstadt interessieren und in der Partnerstadt Freunde haben.\u201c<\/p>\n<p><strong>Foto und Aufnahme:<\/strong> erle<\/p>\n<p>(stk. u. \u00fc. Pm. Ge.)<\/p>\n<p>&nbsp;<\/p>\n","protected":false},"excerpt":{"rendered":"<p>Es d\u00fcrfte schwieriger werden, visafrei k\u00f6nnte der Vergangenheit angeh\u00f6ren und europ\u00e4ische Zusch\u00fcsse f\u00fcr den Jugendaustausch k\u00f6nnten auch wegfallen. Die Idee in einem gemeinsamen Haus zu leben k\u00f6nnte Erinnerung werden. Auch f\u00fcr Kommunen, die bereits \u00fcber viele Jahrzehnte mit englischen Kommunen freundschaftlich verbunden sind. Dazu soll es aber nach dem Willen der Oberb\u00fcrgermeister von Essen und [&hellip;]<\/p>\n","protected":false},"author":1,"featured_media":0,"comment_status":"open","ping_status":"open","sticky":false,"template":"","format":"standard","meta":[],"categories":[5,6],"tags":[9,8,7],"_links":{"self":[{"href":"http:\/\/die-erle-europa.de\/index.php?rest_route=\/wp\/v2\/posts\/17"}],"collection":[{"href":"http:\/\/die-erle-europa.de\/index.php?rest_route=\/wp\/v2\/posts"}],"about":[{"href":"http:\/\/die-erle-europa.de\/index.php?rest_route=\/wp\/v2\/types\/post"}],"author":[{"embeddable":true,"href":"http:\/\/die-erle-europa.de\/index.php?rest_route=\/wp\/v2\/users\/1"}],"replies":[{"embeddable":true,"href":"http:\/\/die-erle-europa.de\/index.php?rest_route=%2Fwp%2Fv2%2Fcomments&post=17"}],"version-history":[{"count":8,"href":"http:\/\/die-erle-europa.de\/index.php?rest_route=\/wp\/v2\/posts\/17\/revisions"}],"predecessor-version":[{"id":27,"href":"http:\/\/die-erle-europa.de\/index.php?rest_route=\/wp\/v2\/posts\/17\/revisions\/27"}],"wp:attachment":[{"href":"http:\/\/die-erle-europa.de\/index.php?rest_route=%2Fwp%2Fv2%2Fmedia&parent=17"}],"wp:term":[{"taxonomy":"category","embeddable":true,"href":"http:\/\/die-erle-europa.de\/index.php?rest_route=%2Fwp%2Fv2%2Fcategories&post=17"},{"taxonomy":"post_tag","embeddable":true,"href":"http:\/\/die-erle-europa.de\/index.php?rest_route=%2Fwp%2Fv2%2Ftags&post=17"}],"curies":[{"name":"wp","href":"https:\/\/api.w.org\/{rel}","templated":true}]}}