{"id":10,"date":"2016-06-28T13:18:46","date_gmt":"2016-06-28T13:18:46","guid":{"rendered":"http:\/\/die-erle-europa.de\/?p=10"},"modified":"2016-06-28T13:25:23","modified_gmt":"2016-06-28T13:25:23","slug":"sjoebo-ungdomsorkester-zu-gast-in-essenruhr","status":"publish","type":"post","link":"http:\/\/die-erle-europa.de\/?p=10","title":{"rendered":"Sj\u00f6bo Ungdomsorkester zu Gast in Essen\/Ruhr"},"content":{"rendered":"<p>Das Sj\u00f6bo Ungdomsorkester ist derzeitig Gast beim Essener &#8222;Sch\u00f6nebecker Jugendblasorchester&#8220;. Sie spielen am Sonntag, 3. Juli, ab 15 Uhr symphonische Blasmusik von Klassik bis Pop im Essener Grugapark.<\/p>\n<p>Die Orchesterfreundschaft zu den schwedischen G\u00e4sten, die durch kontinuierliche, gegenseitige Besuche gepflegt wird, besteht bereits seit 1964. Die jungen Musikerinnen und Musiker des Sch\u00f6nebecker Jugendblasorchesters verf\u00fcgen durch ihre zahlreichen Orchester- und Konzertreisen ebenfalls \u00fcber gro\u00dfe internationale Erfahrung.<\/p>\n<p><img loading=\"lazy\" class=\"size-medium wp-image-12\" src=\"http:\/\/die-erle-europa.de\/wp-content\/uploads\/2016\/06\/2016-06-28_0001_Schoenebecker-300x169.jpg\" alt=\"SAMSUNG CSC\" width=\"300\" height=\"169\" srcset=\"http:\/\/die-erle-europa.de\/wp-content\/uploads\/2016\/06\/2016-06-28_0001_Schoenebecker-300x169.jpg 300w, http:\/\/die-erle-europa.de\/wp-content\/uploads\/2016\/06\/2016-06-28_0001_Schoenebecker.jpg 600w\" sizes=\"(max-width: 300px) 100vw, 300px\" \/><\/p>\n<p>Den ersten Teil des Konzertes gestalten die Sch\u00f6nebecker Jugendbl\u00e4serinnen und -bl\u00e4ser mit Musik aus dem Musical Joseph, Filmmusiken aus Star Wars, einem Queens Park Medley, Erinnerungen an Zirkus Renz und vielem mehr.<\/p>\n<p>Im zweiten Teil pr\u00e4sentieren sich die schwedischen G\u00e4ste nicht nur als Ohren-, sondern auch als Augenweide. Sie spielen moderne Marschmusik, Rock und Swing und werden begleitet von Baton Girls, in Deutschland bekannt als Majoretten, die der Musik mit ihren St\u00e4ben eine zus\u00e4tzliche Dimension verleihen.<\/p>\n<p>Der Besuch des Konzertes ist bis auf den Parkeintritt kostenlos.<\/p>\n<p><strong>Titelfoto:<\/strong> Sj\u00f6bo Ungdomsorkester<\/p>\n","protected":false},"excerpt":{"rendered":"<p>Das Sj\u00f6bo Ungdomsorkester ist derzeitig Gast beim Essener &#8222;Sch\u00f6nebecker Jugendblasorchester&#8220;. Sie spielen am Sonntag, 3. Juli, ab 15 Uhr symphonische Blasmusik von Klassik bis Pop im Essener Grugapark. Die Orchesterfreundschaft zu den schwedischen G\u00e4sten, die durch kontinuierliche, gegenseitige Besuche gepflegt wird, besteht bereits seit 1964. Die jungen Musikerinnen und Musiker des Sch\u00f6nebecker Jugendblasorchesters verf\u00fcgen durch [&hellip;]<\/p>\n","protected":false},"author":1,"featured_media":13,"comment_status":"open","ping_status":"open","sticky":false,"template":"","format":"standard","meta":[],"categories":[4,3,2],"tags":[],"_links":{"self":[{"href":"http:\/\/die-erle-europa.de\/index.php?rest_route=\/wp\/v2\/posts\/10"}],"collection":[{"href":"http:\/\/die-erle-europa.de\/index.php?rest_route=\/wp\/v2\/posts"}],"about":[{"href":"http:\/\/die-erle-europa.de\/index.php?rest_route=\/wp\/v2\/types\/post"}],"author":[{"embeddable":true,"href":"http:\/\/die-erle-europa.de\/index.php?rest_route=\/wp\/v2\/users\/1"}],"replies":[{"embeddable":true,"href":"http:\/\/die-erle-europa.de\/index.php?rest_route=%2Fwp%2Fv2%2Fcomments&post=10"}],"version-history":[{"count":4,"href":"http:\/\/die-erle-europa.de\/index.php?rest_route=\/wp\/v2\/posts\/10\/revisions"}],"predecessor-version":[{"id":16,"href":"http:\/\/die-erle-europa.de\/index.php?rest_route=\/wp\/v2\/posts\/10\/revisions\/16"}],"wp:featuredmedia":[{"embeddable":true,"href":"http:\/\/die-erle-europa.de\/index.php?rest_route=\/wp\/v2\/media\/13"}],"wp:attachment":[{"href":"http:\/\/die-erle-europa.de\/index.php?rest_route=%2Fwp%2Fv2%2Fmedia&parent=10"}],"wp:term":[{"taxonomy":"category","embeddable":true,"href":"http:\/\/die-erle-europa.de\/index.php?rest_route=%2Fwp%2Fv2%2Fcategories&post=10"},{"taxonomy":"post_tag","embeddable":true,"href":"http:\/\/die-erle-europa.de\/index.php?rest_route=%2Fwp%2Fv2%2Ftags&post=10"}],"curies":[{"name":"wp","href":"https:\/\/api.w.org\/{rel}","templated":true}]}}